{"id":2749,"date":"2019-04-24T12:12:43","date_gmt":"2019-04-24T10:12:43","guid":{"rendered":"http:\/\/alatis.eu\/?p=2749"},"modified":"2020-11-23T08:30:59","modified_gmt":"2020-11-23T07:30:59","slug":"france-not-trademark","status":"publish","type":"post","link":"https:\/\/alatis.eu\/en\/france-not-trademark\/","title":{"rendered":"France is not a trademark"},"content":{"rendered":"<section  class='av_textblock_section av-av_textblock-0366cc7376be6c9e82a3e9cc8987b64f '   itemscope=\"itemscope\" itemtype=\"https:\/\/schema.org\/BlogPosting\" itemprop=\"blogPost\" ><div class='avia_textblock'  itemprop=\"text\" ><h1><b>France is not a trademark<\/b><\/h1>\n<p><img data-recalc-dims=\"1\" loading=\"lazy\" decoding=\"async\" class=\"size-full wp-image-2570 aligncenter\" src=\"https:\/\/i0.wp.com\/alatis.eu\/wp-content\/uploads\/2018\/11\/tour_eiffel-1.jpg?resize=1000%2C667\" alt=\"France is not a trademark\" width=\"1000\" height=\"667\" \/><\/p>\n<p>Although the term \u201cFrance\u201d is evocative of many wonderful things, it cannot be used as a trademark as evidenced by a dispute over the use of the mark \u201cfrance.com\u201d.<\/p>\n<p>In 2014, a French-American company filed a trademark application in the European Union for \u201cfrance.com\u201d combined with a logo representing a white stylized Eiffel Tower on a blue and red background. France immediately lodged an opposition, availing itself of a Union trademark &#8211; registered in 2010 &#8211; entitled \u201cFrance\u201d and also accompanied by a stylized Eiffel Tower, with a large tricolor scarf floating at mid-height.<\/p>\n<p>By a decision rendered on June 26, 2018, the General Court of the European Union considers that it is not possible to register the trademark \u201cfrance.com\u201d in the European Union, its characteristics resembling another sign previously registered by France.<\/p>\n<p>To characterise this resemblance, the Court makes a comparison between the two trademarks, taking into account their distinctive visual, phonetic and conceptual elements.<\/p>\n<p>This comparison shows that the signs at issue are almost identical.<\/p>\n<p>It can indeed be assumed that many consumers will refer to the sign of the company France.com by the term \u201cFrance\u201d only. The term \u201c.com\u201d cannot be perceived as a constituent element of the mark making it possible to distinguish between the two signs.<\/p>\n<p>In addition, the signs at issue are conceptually similar, since they convey the same concept (i.e. France, the Eiffel Tower and the colours of the tricolor flag).<\/p>\n<p>Finally, the Court considers that \u201cthe signs in question are almost phonetically identical\u201d.<\/p>\n<p>Therefore, \u201c<em>in view of the fact that the signs at issue cover identical or similar services and have a particularly high degree of phonetic and conceptual similarity, the Court concludes that there is a likelihood of confusion<\/em>\u201d. France can therefore validly oppose the registration of the sign \u201cfrance.com\u201d.<\/p>\n<p>If in doubt about the sign of your trademark, it is better to contact an expert.<\/p>\n<p>Contact us: contact@alatis.eu<\/p>\n<p><a href=\"https:\/\/alatis.eu\/en\/meet-the-team\/anne-desmousseaux\/\">Anne DESMOUSSEAUX<\/a>, Founding Partner, Lawyer, European Trademark &amp; Design Representative<\/p>\n<\/div><\/section>\n","protected":false},"excerpt":{"rendered":"","protected":false},"author":1,"featured_media":0,"comment_status":"open","ping_status":"closed","sticky":false,"template":"","format":"standard","meta":{"jetpack_post_was_ever_published":false,"_jetpack_newsletter_access":"","_jetpack_dont_email_post_to_subs":false,"_jetpack_newsletter_tier_id":0,"_jetpack_memberships_contains_paywalled_content":false,"_jetpack_memberships_contains_paid_content":false,"footnotes":""},"categories":[18],"tags":[],"class_list":["post-2749","post","type-post","status-publish","format-standard","hentry","category-trademark"],"yoast_head":"<!-- This site is optimized with the Yoast SEO plugin v26.6 - https:\/\/yoast.com\/wordpress\/plugins\/seo\/ -->\n<title>France is not a trademark | ALATIS<\/title>\n<meta name=\"description\" content=\"Although the term \u201cFrance\u201d is evocative of many wonderful things, it cannot be used as a trademark as evidenced by a dispute over the use of \u201cfrance.com\u201d.\" \/>\n<meta name=\"robots\" content=\"index, follow, max-snippet:-1, max-image-preview:large, max-video-preview:-1\" \/>\n<link rel=\"canonical\" href=\"https:\/\/alatis.eu\/en\/france-not-trademark\/\" \/>\n<meta property=\"og:locale\" content=\"en_US\" \/>\n<meta property=\"og:type\" content=\"article\" \/>\n<meta property=\"og:title\" content=\"France is not a trademark | ALATIS\" \/>\n<meta property=\"og:description\" content=\"Although the term \u201cFrance\u201d is evocative of many wonderful things, it cannot be used as a trademark as evidenced by a dispute over the use of \u201cfrance.com\u201d.\" \/>\n<meta property=\"og:url\" content=\"https:\/\/alatis.eu\/en\/france-not-trademark\/\" \/>\n<meta property=\"og:site_name\" content=\"ALATIS\" \/>\n<meta property=\"article:publisher\" content=\"https:\/\/www.facebook.com\/alatis.eu\/\" \/>\n<meta property=\"article:published_time\" content=\"2019-04-24T10:12:43+00:00\" \/>\n<meta property=\"article:modified_time\" content=\"2020-11-23T07:30:59+00:00\" \/>\n<meta property=\"og:image\" content=\"https:\/\/i0.wp.com\/alatis.eu\/wp-content\/uploads\/2018\/11\/tour_eiffel-1.jpg?fit=1000%2C667&ssl=1\" \/>\n\t<meta property=\"og:image:width\" content=\"1000\" \/>\n\t<meta property=\"og:image:height\" content=\"667\" \/>\n\t<meta property=\"og:image:type\" content=\"image\/jpeg\" \/>\n<meta name=\"author\" content=\"ALATIS\" \/>\n<meta name=\"twitter:card\" content=\"summary_large_image\" \/>\n<meta name=\"twitter:creator\" content=\"@alatis_eu\" \/>\n<meta name=\"twitter:site\" content=\"@alatis_eu\" \/>\n<meta name=\"twitter:label1\" content=\"Written by\" \/>\n\t<meta name=\"twitter:data1\" content=\"ALATIS\" \/>\n\t<meta name=\"twitter:label2\" content=\"Est. reading time\" \/>\n\t<meta name=\"twitter:data2\" content=\"2 minutes\" \/>\n<script type=\"application\/ld+json\" class=\"yoast-schema-graph\">{\"@context\":\"https:\/\/schema.org\",\"@graph\":[{\"@type\":\"WebPage\",\"@id\":\"https:\/\/alatis.eu\/en\/france-not-trademark\/\",\"url\":\"https:\/\/alatis.eu\/en\/france-not-trademark\/\",\"name\":\"France is not a trademark | ALATIS\",\"isPartOf\":{\"@id\":\"https:\/\/alatis.eu\/#website\"},\"primaryImageOfPage\":{\"@id\":\"https:\/\/alatis.eu\/en\/france-not-trademark\/#primaryimage\"},\"image\":{\"@id\":\"https:\/\/alatis.eu\/en\/france-not-trademark\/#primaryimage\"},\"thumbnailUrl\":\"http:\/\/alatis.eu\/wp-content\/uploads\/2018\/11\/tour_eiffel-1.jpg\",\"datePublished\":\"2019-04-24T10:12:43+00:00\",\"dateModified\":\"2020-11-23T07:30:59+00:00\",\"author\":{\"@id\":\"https:\/\/alatis.eu\/#\/schema\/person\/23072d936ab8eddd4478deebdbd8d5dc\"},\"description\":\"Although the term \u201cFrance\u201d is evocative of many wonderful things, it cannot be used as a trademark as evidenced by a dispute over the use of \u201cfrance.com\u201d.\",\"breadcrumb\":{\"@id\":\"https:\/\/alatis.eu\/en\/france-not-trademark\/#breadcrumb\"},\"inLanguage\":\"en-US\",\"potentialAction\":[{\"@type\":\"ReadAction\",\"target\":[\"https:\/\/alatis.eu\/en\/france-not-trademark\/\"]}]},{\"@type\":\"ImageObject\",\"inLanguage\":\"en-US\",\"@id\":\"https:\/\/alatis.eu\/en\/france-not-trademark\/#primaryimage\",\"url\":\"http:\/\/alatis.eu\/wp-content\/uploads\/2018\/11\/tour_eiffel-1.jpg\",\"contentUrl\":\"http:\/\/alatis.eu\/wp-content\/uploads\/2018\/11\/tour_eiffel-1.jpg\"},{\"@type\":\"BreadcrumbList\",\"@id\":\"https:\/\/alatis.eu\/en\/france-not-trademark\/#breadcrumb\",\"itemListElement\":[{\"@type\":\"ListItem\",\"position\":1,\"name\":\"Accueil\",\"item\":\"https:\/\/alatis.eu\/en\/\"},{\"@type\":\"ListItem\",\"position\":2,\"name\":\"France is not a trademark\"}]},{\"@type\":\"WebSite\",\"@id\":\"https:\/\/alatis.eu\/#website\",\"url\":\"https:\/\/alatis.eu\/\",\"name\":\"ALATIS\",\"description\":\"R\u00e9seau d&#039;experts en propri\u00e9t\u00e9 intellectuelle, multidisciplinaire et pan-europ\u00e9en\",\"potentialAction\":[{\"@type\":\"SearchAction\",\"target\":{\"@type\":\"EntryPoint\",\"urlTemplate\":\"https:\/\/alatis.eu\/?s={search_term_string}\"},\"query-input\":{\"@type\":\"PropertyValueSpecification\",\"valueRequired\":true,\"valueName\":\"search_term_string\"}}],\"inLanguage\":\"en-US\"},{\"@type\":\"Person\",\"@id\":\"https:\/\/alatis.eu\/#\/schema\/person\/23072d936ab8eddd4478deebdbd8d5dc\",\"name\":\"ALATIS\",\"image\":{\"@type\":\"ImageObject\",\"inLanguage\":\"en-US\",\"@id\":\"https:\/\/alatis.eu\/#\/schema\/person\/image\/\",\"url\":\"https:\/\/secure.gravatar.com\/avatar\/1e8a13bc343576cbbb249bfa1fcfebd2a140b75525ecdccb99b910ecebece289?s=96&d=mm&r=g\",\"contentUrl\":\"https:\/\/secure.gravatar.com\/avatar\/1e8a13bc343576cbbb249bfa1fcfebd2a140b75525ecdccb99b910ecebece289?s=96&d=mm&r=g\",\"caption\":\"ALATIS\"},\"sameAs\":[\"http:\/\/www.alatis.eu\"]}]}<\/script>\n<!-- \/ Yoast SEO plugin. -->","yoast_head_json":{"title":"France is not a trademark | ALATIS","description":"Although the term \u201cFrance\u201d is evocative of many wonderful things, it cannot be used as a trademark as evidenced by a dispute over the use of \u201cfrance.com\u201d.","robots":{"index":"index","follow":"follow","max-snippet":"max-snippet:-1","max-image-preview":"max-image-preview:large","max-video-preview":"max-video-preview:-1"},"canonical":"https:\/\/alatis.eu\/en\/france-not-trademark\/","og_locale":"en_US","og_type":"article","og_title":"France is not a trademark | ALATIS","og_description":"Although the term \u201cFrance\u201d is evocative of many wonderful things, it cannot be used as a trademark as evidenced by a dispute over the use of \u201cfrance.com\u201d.","og_url":"https:\/\/alatis.eu\/en\/france-not-trademark\/","og_site_name":"ALATIS","article_publisher":"https:\/\/www.facebook.com\/alatis.eu\/","article_published_time":"2019-04-24T10:12:43+00:00","article_modified_time":"2020-11-23T07:30:59+00:00","og_image":[{"url":"https:\/\/i0.wp.com\/alatis.eu\/wp-content\/uploads\/2018\/11\/tour_eiffel-1.jpg?fit=1000%2C667&ssl=1","width":1000,"height":667,"type":"image\/jpeg"}],"author":"ALATIS","twitter_card":"summary_large_image","twitter_creator":"@alatis_eu","twitter_site":"@alatis_eu","twitter_misc":{"Written by":"ALATIS","Est. reading time":"2 minutes"},"schema":{"@context":"https:\/\/schema.org","@graph":[{"@type":"WebPage","@id":"https:\/\/alatis.eu\/en\/france-not-trademark\/","url":"https:\/\/alatis.eu\/en\/france-not-trademark\/","name":"France is not a trademark | ALATIS","isPartOf":{"@id":"https:\/\/alatis.eu\/#website"},"primaryImageOfPage":{"@id":"https:\/\/alatis.eu\/en\/france-not-trademark\/#primaryimage"},"image":{"@id":"https:\/\/alatis.eu\/en\/france-not-trademark\/#primaryimage"},"thumbnailUrl":"http:\/\/alatis.eu\/wp-content\/uploads\/2018\/11\/tour_eiffel-1.jpg","datePublished":"2019-04-24T10:12:43+00:00","dateModified":"2020-11-23T07:30:59+00:00","author":{"@id":"https:\/\/alatis.eu\/#\/schema\/person\/23072d936ab8eddd4478deebdbd8d5dc"},"description":"Although the term \u201cFrance\u201d is evocative of many wonderful things, it cannot be used as a trademark as evidenced by a dispute over the use of \u201cfrance.com\u201d.","breadcrumb":{"@id":"https:\/\/alatis.eu\/en\/france-not-trademark\/#breadcrumb"},"inLanguage":"en-US","potentialAction":[{"@type":"ReadAction","target":["https:\/\/alatis.eu\/en\/france-not-trademark\/"]}]},{"@type":"ImageObject","inLanguage":"en-US","@id":"https:\/\/alatis.eu\/en\/france-not-trademark\/#primaryimage","url":"http:\/\/alatis.eu\/wp-content\/uploads\/2018\/11\/tour_eiffel-1.jpg","contentUrl":"http:\/\/alatis.eu\/wp-content\/uploads\/2018\/11\/tour_eiffel-1.jpg"},{"@type":"BreadcrumbList","@id":"https:\/\/alatis.eu\/en\/france-not-trademark\/#breadcrumb","itemListElement":[{"@type":"ListItem","position":1,"name":"Accueil","item":"https:\/\/alatis.eu\/en\/"},{"@type":"ListItem","position":2,"name":"France is not a trademark"}]},{"@type":"WebSite","@id":"https:\/\/alatis.eu\/#website","url":"https:\/\/alatis.eu\/","name":"ALATIS","description":"R\u00e9seau d&#039;experts en propri\u00e9t\u00e9 intellectuelle, multidisciplinaire et pan-europ\u00e9en","potentialAction":[{"@type":"SearchAction","target":{"@type":"EntryPoint","urlTemplate":"https:\/\/alatis.eu\/?s={search_term_string}"},"query-input":{"@type":"PropertyValueSpecification","valueRequired":true,"valueName":"search_term_string"}}],"inLanguage":"en-US"},{"@type":"Person","@id":"https:\/\/alatis.eu\/#\/schema\/person\/23072d936ab8eddd4478deebdbd8d5dc","name":"ALATIS","image":{"@type":"ImageObject","inLanguage":"en-US","@id":"https:\/\/alatis.eu\/#\/schema\/person\/image\/","url":"https:\/\/secure.gravatar.com\/avatar\/1e8a13bc343576cbbb249bfa1fcfebd2a140b75525ecdccb99b910ecebece289?s=96&d=mm&r=g","contentUrl":"https:\/\/secure.gravatar.com\/avatar\/1e8a13bc343576cbbb249bfa1fcfebd2a140b75525ecdccb99b910ecebece289?s=96&d=mm&r=g","caption":"ALATIS"},"sameAs":["http:\/\/www.alatis.eu"]}]}},"jetpack_featured_media_url":"","jetpack_sharing_enabled":true,"jetpack_shortlink":"https:\/\/wp.me\/p8b6Fp-Il","jetpack-related-posts":[],"_links":{"self":[{"href":"https:\/\/alatis.eu\/en\/wp-json\/wp\/v2\/posts\/2749","targetHints":{"allow":["GET"]}}],"collection":[{"href":"https:\/\/alatis.eu\/en\/wp-json\/wp\/v2\/posts"}],"about":[{"href":"https:\/\/alatis.eu\/en\/wp-json\/wp\/v2\/types\/post"}],"author":[{"embeddable":true,"href":"https:\/\/alatis.eu\/en\/wp-json\/wp\/v2\/users\/1"}],"replies":[{"embeddable":true,"href":"https:\/\/alatis.eu\/en\/wp-json\/wp\/v2\/comments?post=2749"}],"version-history":[{"count":3,"href":"https:\/\/alatis.eu\/en\/wp-json\/wp\/v2\/posts\/2749\/revisions"}],"predecessor-version":[{"id":3687,"href":"https:\/\/alatis.eu\/en\/wp-json\/wp\/v2\/posts\/2749\/revisions\/3687"}],"wp:attachment":[{"href":"https:\/\/alatis.eu\/en\/wp-json\/wp\/v2\/media?parent=2749"}],"wp:term":[{"taxonomy":"category","embeddable":true,"href":"https:\/\/alatis.eu\/en\/wp-json\/wp\/v2\/categories?post=2749"},{"taxonomy":"post_tag","embeddable":true,"href":"https:\/\/alatis.eu\/en\/wp-json\/wp\/v2\/tags?post=2749"}],"curies":[{"name":"wp","href":"https:\/\/api.w.org\/{rel}","templated":true}]}}