{"id":6000,"date":"2024-09-03T14:19:09","date_gmt":"2024-09-03T12:19:09","guid":{"rendered":"https:\/\/alatis.eu\/?p=6000"},"modified":"2024-09-03T14:19:09","modified_gmt":"2024-09-03T12:19:09","slug":"la-2028s-intellectual-property","status":"publish","type":"post","link":"https:\/\/alatis.eu\/en\/la-2028s-intellectual-property\/","title":{"rendered":"LA 2028\u2019s Dynamic Emblem: Creativity Meets Intellectual Property"},"content":{"rendered":"<section  class='av_textblock_section av-m0me2zac-0d6161fc61bffd1216e7e39721eeb956 '   itemscope=\"itemscope\" itemtype=\"https:\/\/schema.org\/BlogPosting\" itemprop=\"blogPost\" ><div class='avia_textblock'  itemprop=\"text\" ><h1>LA 2028\u2019s Dynamic Emblem: Creativity Meets Intellectual Property<\/h1>\n<p><img data-recalc-dims=\"1\" loading=\"lazy\" decoding=\"async\" class=\"aligncenter wp-image-6001 size-full\" src=\"https:\/\/i0.wp.com\/alatis.eu\/wp-content\/uploads\/2024\/09\/la-2028s-intellectual-property.jpg?resize=1000%2C750&#038;ssl=1\" alt=\"LA 2028\u2019s Dynamic Emblem: Creativity Meets Intellectual Property\" width=\"1000\" height=\"750\" srcset=\"https:\/\/i0.wp.com\/alatis.eu\/wp-content\/uploads\/2024\/09\/la-2028s-intellectual-property.jpg?w=1000&amp;ssl=1 1000w, https:\/\/i0.wp.com\/alatis.eu\/wp-content\/uploads\/2024\/09\/la-2028s-intellectual-property.jpg?resize=300%2C225&amp;ssl=1 300w, https:\/\/i0.wp.com\/alatis.eu\/wp-content\/uploads\/2024\/09\/la-2028s-intellectual-property.jpg?resize=768%2C576&amp;ssl=1 768w, https:\/\/i0.wp.com\/alatis.eu\/wp-content\/uploads\/2024\/09\/la-2028s-intellectual-property.jpg?resize=600%2C450&amp;ssl=1 600w, https:\/\/i0.wp.com\/alatis.eu\/wp-content\/uploads\/2024\/09\/la-2028s-intellectual-property.jpg?resize=705%2C529&amp;ssl=1 705w\" sizes=\"auto, (max-width: 1000px) 100vw, 1000px\" \/><\/p>\n<p>On August 11, 2024, the Olympic flame left the French capital, making its way to vibrant Los Angeles for the 2028 Games. During the closing ceremony, the camera captured a \u201cLA28\u201d logo against the backdrop of a beach concert, featuring an \u201cA\u201d where one half displayed the French flag and the other half the American flag. This emblematic \u201cA\u201d was first introduced in 2020, with the promise of being fully customizable to reflect personal creativity.<\/p>\n<p>Currently, there are 42 unique versions of the \u201cA,\u201d created by athletes, artists, and brands. As the games draw closer, the customization option will be available to the public, potentially resulting in an endless array of designs.<\/p>\n<p>This raises the question of ownership: will these newly created designs be considered property of the Olympic Games or the individual creators?<\/p>\n<p>In 2020, LA2028 Chairman Casey Wasserman made the following statements:<\/p>\n<ul>\n<li>\u201c<em>All \u2018As\u2019 you\u2019ve seen and those that will be created are protected and registered through copyright. We\u2019ve coordinated closely with the IOC\u2019s copyright team. For any \u2018A\u2019 we intend to use commercially, we will ensure it is protected from a copyright perspective.<\/em>\u201d<\/li>\n<li>\u201c<em>If we commercially use an \u2018A,\u2019 it requires thoughtful consideration and protection. However, this does not mean we need to control every \u2018A\u2019 shared globally.<\/em>\u201d<\/li>\n<\/ul>\n<p>While the Olympic movement is known for its rigorous approach to intellectual property, the customizable nature of the emblem initially suggested a more flexible stance. Nonetheless, more recent statements from the LA28 website cast some doubts. The terms and conditions state that \u201cLA28, the LA28 logo, and other LA28 logos and product and service names are or may be our trademarks (the \u2018Company Marks\u2019). Without our prior written permission you agree not to display, copy, exploit or otherwise use in any manner the Company Marks.\u201d<\/p>\n<p>So, while it may be possible for individuals to have creative freedom, it would appear that prior authorisation is required in order to do so. This requirement could be satisfied via an online portal previously mentioned by Wasserman. This portal is expected to give permission to fans not only to design and purchase their own creations, but also to purchase those made by others.<\/p>\n<p>Still, just how robust is the protection for the \u201cLA28\u201d brand? Let\u2019s first examine the extent of copyright protection as highlighted by Wasserman.<\/p>\n<p>Copyright safeguards original works of authorship, including artwork, music, literature, and other creative expressions. The LA28 logo, being an artistic creation, is eligible for copyright protection, which prohibits unauthorized copying, distribution, or display. That being said, a copyright only protects the expression of ideas, not the ideas themselves. Therefore, one might assume that creating your own version of the &#8220;A&#8221; would qualify as a new artistic expression, potentially falling under \u201ctransformative use\u201d. In fact, this is not the case. While you might hold a copyright for your unique \u201cA,\u201d it does not entitle you to use the LA28 logo as a whole. The customized \u201cA\u201d remains part of a larger work protected by copyright, making its use a potential derivative work, which could lead to an infringement claim.<\/p>\n<p>There are, however, ways to navigate these copyright regulations. For instance, if you use the logo with your modified \u201cA\u201d for purposes of parody or commentary, it may qualify as \u201cfair use\u201d (authorized use), exempting you from infringement claims. Alternatively, you could redesign the entire logo to convey a new meaning or message, thus benefiting from transformative use.<\/p>\n<p>In addition to copyrights, various trademarks have been registered in connection with the LA28 emblems. These trademarks prevent unauthorized use that might cause brand confusion or dilution. Using your own version of the \u201cA\u201d could mislead the public into believing your work is associated with or endorsed by the LA28 organizers, leading to potential trademark infringement.<\/p>\n<p>Nevertheless, exceptions to trademark rules exist. For instance, the French and United States flags logo unveiled during the closing ceremony cannot benefit from mark registration, as pursuant to article 6ter of the Paris Convention for the Protection of Industrial Property (1883), contracting states are prohibited from registering or using as trademarks flags and other state emblems of the States party to that convention. Having a stylized representation of the French and US flag is therefore not registrable as a trademark. Still, this doesn\u2019t mean you can make your own \u201cA\u201d\u00a0 showcasing your home-country flags, as the basic design of the logo is still protected by copyright and trademark. The key to avoiding trademark infringement is ensuring that your use does not mislead consumers or undermine the trademark\u2019s ability to identify the source of goods or services. Non-commercial use (personal use), parody (in limited circumstances within the EU), and artistic expression can be viable options, provided they do not impair the trademark\u2019s distinctive function, or its reputation.<\/p>\n<p>Navigating the complexities of trademark and copyright exceptions often requires a careful consideration of context, intent, and impact. For tailored advice and support, please contact our legal experts at contact@alatis.eu.<\/p>\n<\/div><\/section>\n","protected":false},"excerpt":{"rendered":"","protected":false},"author":1,"featured_media":6002,"comment_status":"open","ping_status":"closed","sticky":false,"template":"","format":"standard","meta":{"jetpack_post_was_ever_published":false,"_jetpack_newsletter_access":"","_jetpack_dont_email_post_to_subs":false,"_jetpack_newsletter_tier_id":0,"_jetpack_memberships_contains_paywalled_content":false,"_jetpack_memberships_contains_paid_content":false,"footnotes":""},"categories":[48],"tags":[],"class_list":["post-6000","post","type-post","status-publish","format-standard","has-post-thumbnail","hentry","category-intellectual-property"],"yoast_head":"<!-- This site is optimized with the Yoast SEO plugin v26.6 - https:\/\/yoast.com\/wordpress\/plugins\/seo\/ -->\n<title>LA 2028\u2019s Dynamic Emblem: Creativity Meets Intellectual Property | ALATIS<\/title>\n<meta name=\"description\" content=\"On August 11, 2024, the Olympic flame left the French capital, making its way to vibrant LA 2028 Games, with an emblematic logo.\" \/>\n<meta name=\"robots\" content=\"index, follow, max-snippet:-1, max-image-preview:large, max-video-preview:-1\" \/>\n<link rel=\"canonical\" href=\"https:\/\/alatis.eu\/en\/la-2028s-intellectual-property\/\" \/>\n<meta property=\"og:locale\" content=\"en_US\" \/>\n<meta property=\"og:type\" content=\"article\" \/>\n<meta property=\"og:title\" content=\"LA 2028\u2019s Dynamic Emblem: Creativity Meets Intellectual Property | ALATIS\" \/>\n<meta property=\"og:description\" content=\"On August 11, 2024, the Olympic flame left the French capital, making its way to vibrant LA 2028 Games, with an emblematic logo.\" \/>\n<meta property=\"og:url\" content=\"https:\/\/alatis.eu\/en\/la-2028s-intellectual-property\/\" \/>\n<meta property=\"og:site_name\" content=\"ALATIS\" \/>\n<meta property=\"article:publisher\" content=\"https:\/\/www.facebook.com\/alatis.eu\/\" \/>\n<meta property=\"article:published_time\" content=\"2024-09-03T12:19:09+00:00\" \/>\n<meta property=\"og:image\" content=\"https:\/\/alatis.eu\/wp-content\/uploads\/2024\/09\/la-2028s-intellectual-property.jpg\" \/>\n\t<meta property=\"og:image:width\" content=\"1000\" \/>\n\t<meta property=\"og:image:height\" content=\"750\" \/>\n\t<meta property=\"og:image:type\" content=\"image\/jpeg\" \/>\n<meta name=\"author\" content=\"ALATIS\" \/>\n<meta name=\"twitter:card\" content=\"summary_large_image\" \/>\n<meta name=\"twitter:creator\" content=\"@alatis_eu\" \/>\n<meta name=\"twitter:site\" content=\"@alatis_eu\" \/>\n<meta name=\"twitter:label1\" content=\"Written by\" \/>\n\t<meta name=\"twitter:data1\" content=\"ALATIS\" \/>\n\t<meta name=\"twitter:label2\" content=\"Est. reading time\" \/>\n\t<meta name=\"twitter:data2\" content=\"4 minutes\" \/>\n<script type=\"application\/ld+json\" class=\"yoast-schema-graph\">{\"@context\":\"https:\/\/schema.org\",\"@graph\":[{\"@type\":\"WebPage\",\"@id\":\"https:\/\/alatis.eu\/en\/la-2028s-intellectual-property\/\",\"url\":\"https:\/\/alatis.eu\/en\/la-2028s-intellectual-property\/\",\"name\":\"LA 2028\u2019s Dynamic Emblem: Creativity Meets Intellectual Property | ALATIS\",\"isPartOf\":{\"@id\":\"https:\/\/alatis.eu\/#website\"},\"primaryImageOfPage\":{\"@id\":\"https:\/\/alatis.eu\/en\/la-2028s-intellectual-property\/#primaryimage\"},\"image\":{\"@id\":\"https:\/\/alatis.eu\/en\/la-2028s-intellectual-property\/#primaryimage\"},\"thumbnailUrl\":\"https:\/\/i0.wp.com\/alatis.eu\/wp-content\/uploads\/2024\/09\/la-2028s-intellectual-property.jpg?fit=1000%2C750&ssl=1\",\"datePublished\":\"2024-09-03T12:19:09+00:00\",\"author\":{\"@id\":\"https:\/\/alatis.eu\/#\/schema\/person\/23072d936ab8eddd4478deebdbd8d5dc\"},\"description\":\"On August 11, 2024, the Olympic flame left the French capital, making its way to vibrant LA 2028 Games, with an emblematic logo.\",\"breadcrumb\":{\"@id\":\"https:\/\/alatis.eu\/en\/la-2028s-intellectual-property\/#breadcrumb\"},\"inLanguage\":\"en-US\",\"potentialAction\":[{\"@type\":\"ReadAction\",\"target\":[\"https:\/\/alatis.eu\/en\/la-2028s-intellectual-property\/\"]}]},{\"@type\":\"ImageObject\",\"inLanguage\":\"en-US\",\"@id\":\"https:\/\/alatis.eu\/en\/la-2028s-intellectual-property\/#primaryimage\",\"url\":\"https:\/\/i0.wp.com\/alatis.eu\/wp-content\/uploads\/2024\/09\/la-2028s-intellectual-property.jpg?fit=1000%2C750&ssl=1\",\"contentUrl\":\"https:\/\/i0.wp.com\/alatis.eu\/wp-content\/uploads\/2024\/09\/la-2028s-intellectual-property.jpg?fit=1000%2C750&ssl=1\",\"width\":1000,\"height\":750,\"caption\":\"LA 2028\u2019s Dynamic Emblem: Creativity Meets Intellectual Property\"},{\"@type\":\"BreadcrumbList\",\"@id\":\"https:\/\/alatis.eu\/en\/la-2028s-intellectual-property\/#breadcrumb\",\"itemListElement\":[{\"@type\":\"ListItem\",\"position\":1,\"name\":\"Accueil\",\"item\":\"https:\/\/alatis.eu\/en\/\"},{\"@type\":\"ListItem\",\"position\":2,\"name\":\"LA 2028\u2019s Dynamic Emblem: Creativity Meets Intellectual Property\"}]},{\"@type\":\"WebSite\",\"@id\":\"https:\/\/alatis.eu\/#website\",\"url\":\"https:\/\/alatis.eu\/\",\"name\":\"ALATIS\",\"description\":\"R\u00e9seau d&#039;experts en propri\u00e9t\u00e9 intellectuelle, multidisciplinaire et pan-europ\u00e9en\",\"potentialAction\":[{\"@type\":\"SearchAction\",\"target\":{\"@type\":\"EntryPoint\",\"urlTemplate\":\"https:\/\/alatis.eu\/?s={search_term_string}\"},\"query-input\":{\"@type\":\"PropertyValueSpecification\",\"valueRequired\":true,\"valueName\":\"search_term_string\"}}],\"inLanguage\":\"en-US\"},{\"@type\":\"Person\",\"@id\":\"https:\/\/alatis.eu\/#\/schema\/person\/23072d936ab8eddd4478deebdbd8d5dc\",\"name\":\"ALATIS\",\"image\":{\"@type\":\"ImageObject\",\"inLanguage\":\"en-US\",\"@id\":\"https:\/\/alatis.eu\/#\/schema\/person\/image\/\",\"url\":\"https:\/\/secure.gravatar.com\/avatar\/1e8a13bc343576cbbb249bfa1fcfebd2a140b75525ecdccb99b910ecebece289?s=96&d=mm&r=g\",\"contentUrl\":\"https:\/\/secure.gravatar.com\/avatar\/1e8a13bc343576cbbb249bfa1fcfebd2a140b75525ecdccb99b910ecebece289?s=96&d=mm&r=g\",\"caption\":\"ALATIS\"},\"sameAs\":[\"http:\/\/www.alatis.eu\"]}]}<\/script>\n<!-- \/ Yoast SEO plugin. -->","yoast_head_json":{"title":"LA 2028\u2019s Dynamic Emblem: Creativity Meets Intellectual Property | ALATIS","description":"On August 11, 2024, the Olympic flame left the French capital, making its way to vibrant LA 2028 Games, with an emblematic logo.","robots":{"index":"index","follow":"follow","max-snippet":"max-snippet:-1","max-image-preview":"max-image-preview:large","max-video-preview":"max-video-preview:-1"},"canonical":"https:\/\/alatis.eu\/en\/la-2028s-intellectual-property\/","og_locale":"en_US","og_type":"article","og_title":"LA 2028\u2019s Dynamic Emblem: Creativity Meets Intellectual Property | ALATIS","og_description":"On August 11, 2024, the Olympic flame left the French capital, making its way to vibrant LA 2028 Games, with an emblematic logo.","og_url":"https:\/\/alatis.eu\/en\/la-2028s-intellectual-property\/","og_site_name":"ALATIS","article_publisher":"https:\/\/www.facebook.com\/alatis.eu\/","article_published_time":"2024-09-03T12:19:09+00:00","og_image":[{"width":1000,"height":750,"url":"https:\/\/alatis.eu\/wp-content\/uploads\/2024\/09\/la-2028s-intellectual-property.jpg","type":"image\/jpeg"}],"author":"ALATIS","twitter_card":"summary_large_image","twitter_creator":"@alatis_eu","twitter_site":"@alatis_eu","twitter_misc":{"Written by":"ALATIS","Est. reading time":"4 minutes"},"schema":{"@context":"https:\/\/schema.org","@graph":[{"@type":"WebPage","@id":"https:\/\/alatis.eu\/en\/la-2028s-intellectual-property\/","url":"https:\/\/alatis.eu\/en\/la-2028s-intellectual-property\/","name":"LA 2028\u2019s Dynamic Emblem: Creativity Meets Intellectual Property | ALATIS","isPartOf":{"@id":"https:\/\/alatis.eu\/#website"},"primaryImageOfPage":{"@id":"https:\/\/alatis.eu\/en\/la-2028s-intellectual-property\/#primaryimage"},"image":{"@id":"https:\/\/alatis.eu\/en\/la-2028s-intellectual-property\/#primaryimage"},"thumbnailUrl":"https:\/\/i0.wp.com\/alatis.eu\/wp-content\/uploads\/2024\/09\/la-2028s-intellectual-property.jpg?fit=1000%2C750&ssl=1","datePublished":"2024-09-03T12:19:09+00:00","author":{"@id":"https:\/\/alatis.eu\/#\/schema\/person\/23072d936ab8eddd4478deebdbd8d5dc"},"description":"On August 11, 2024, the Olympic flame left the French capital, making its way to vibrant LA 2028 Games, with an emblematic logo.","breadcrumb":{"@id":"https:\/\/alatis.eu\/en\/la-2028s-intellectual-property\/#breadcrumb"},"inLanguage":"en-US","potentialAction":[{"@type":"ReadAction","target":["https:\/\/alatis.eu\/en\/la-2028s-intellectual-property\/"]}]},{"@type":"ImageObject","inLanguage":"en-US","@id":"https:\/\/alatis.eu\/en\/la-2028s-intellectual-property\/#primaryimage","url":"https:\/\/i0.wp.com\/alatis.eu\/wp-content\/uploads\/2024\/09\/la-2028s-intellectual-property.jpg?fit=1000%2C750&ssl=1","contentUrl":"https:\/\/i0.wp.com\/alatis.eu\/wp-content\/uploads\/2024\/09\/la-2028s-intellectual-property.jpg?fit=1000%2C750&ssl=1","width":1000,"height":750,"caption":"LA 2028\u2019s Dynamic Emblem: Creativity Meets Intellectual Property"},{"@type":"BreadcrumbList","@id":"https:\/\/alatis.eu\/en\/la-2028s-intellectual-property\/#breadcrumb","itemListElement":[{"@type":"ListItem","position":1,"name":"Accueil","item":"https:\/\/alatis.eu\/en\/"},{"@type":"ListItem","position":2,"name":"LA 2028\u2019s Dynamic Emblem: Creativity Meets Intellectual Property"}]},{"@type":"WebSite","@id":"https:\/\/alatis.eu\/#website","url":"https:\/\/alatis.eu\/","name":"ALATIS","description":"R\u00e9seau d&#039;experts en propri\u00e9t\u00e9 intellectuelle, multidisciplinaire et pan-europ\u00e9en","potentialAction":[{"@type":"SearchAction","target":{"@type":"EntryPoint","urlTemplate":"https:\/\/alatis.eu\/?s={search_term_string}"},"query-input":{"@type":"PropertyValueSpecification","valueRequired":true,"valueName":"search_term_string"}}],"inLanguage":"en-US"},{"@type":"Person","@id":"https:\/\/alatis.eu\/#\/schema\/person\/23072d936ab8eddd4478deebdbd8d5dc","name":"ALATIS","image":{"@type":"ImageObject","inLanguage":"en-US","@id":"https:\/\/alatis.eu\/#\/schema\/person\/image\/","url":"https:\/\/secure.gravatar.com\/avatar\/1e8a13bc343576cbbb249bfa1fcfebd2a140b75525ecdccb99b910ecebece289?s=96&d=mm&r=g","contentUrl":"https:\/\/secure.gravatar.com\/avatar\/1e8a13bc343576cbbb249bfa1fcfebd2a140b75525ecdccb99b910ecebece289?s=96&d=mm&r=g","caption":"ALATIS"},"sameAs":["http:\/\/www.alatis.eu"]}]}},"jetpack_featured_media_url":"https:\/\/i0.wp.com\/alatis.eu\/wp-content\/uploads\/2024\/09\/la-2028s-intellectual-property.jpg?fit=1000%2C750&ssl=1","jetpack_sharing_enabled":true,"jetpack_shortlink":"https:\/\/wp.me\/p8b6Fp-1yM","jetpack-related-posts":[],"_links":{"self":[{"href":"https:\/\/alatis.eu\/en\/wp-json\/wp\/v2\/posts\/6000","targetHints":{"allow":["GET"]}}],"collection":[{"href":"https:\/\/alatis.eu\/en\/wp-json\/wp\/v2\/posts"}],"about":[{"href":"https:\/\/alatis.eu\/en\/wp-json\/wp\/v2\/types\/post"}],"author":[{"embeddable":true,"href":"https:\/\/alatis.eu\/en\/wp-json\/wp\/v2\/users\/1"}],"replies":[{"embeddable":true,"href":"https:\/\/alatis.eu\/en\/wp-json\/wp\/v2\/comments?post=6000"}],"version-history":[{"count":2,"href":"https:\/\/alatis.eu\/en\/wp-json\/wp\/v2\/posts\/6000\/revisions"}],"predecessor-version":[{"id":6004,"href":"https:\/\/alatis.eu\/en\/wp-json\/wp\/v2\/posts\/6000\/revisions\/6004"}],"wp:featuredmedia":[{"embeddable":true,"href":"https:\/\/alatis.eu\/en\/wp-json\/wp\/v2\/media\/6002"}],"wp:attachment":[{"href":"https:\/\/alatis.eu\/en\/wp-json\/wp\/v2\/media?parent=6000"}],"wp:term":[{"taxonomy":"category","embeddable":true,"href":"https:\/\/alatis.eu\/en\/wp-json\/wp\/v2\/categories?post=6000"},{"taxonomy":"post_tag","embeddable":true,"href":"https:\/\/alatis.eu\/en\/wp-json\/wp\/v2\/tags?post=6000"}],"curies":[{"name":"wp","href":"https:\/\/api.w.org\/{rel}","templated":true}]}}