{"id":6411,"date":"2025-07-10T12:21:02","date_gmt":"2025-07-10T10:21:02","guid":{"rendered":"https:\/\/alatis.eu\/spotlight-on-marc-broyde-lawyer-and-representative-at-the-european-patent-office-epo\/"},"modified":"2025-07-10T12:30:55","modified_gmt":"2025-07-10T10:30:55","slug":"marc-broyde-lawyer-representative-epo","status":"publish","type":"post","link":"https:\/\/alatis.eu\/en\/marc-broyde-lawyer-representative-epo\/","title":{"rendered":"Spotlight on Marc Broyd\u00e9, Lawyer and Representative at the European Patent Office (EPO)"},"content":{"rendered":"<section  class='av_textblock_section av-mcx8a2ve-9e29f6149226e2be893154322eb9f090 '   itemscope=\"itemscope\" itemtype=\"https:\/\/schema.org\/BlogPosting\" itemprop=\"blogPost\" ><div class='avia_textblock'  itemprop=\"text\" ><h1>Spotlight on Marc Broyd\u00e9, Lawyer and Representative at the European Patent Office (EPO)<\/h1>\n<p><strong> <img data-recalc-dims=\"1\" loading=\"lazy\" decoding=\"async\" class=\"alignleft wp-image-6406\" src=\"https:\/\/i0.wp.com\/alatis.eu\/wp-content\/uploads\/2025\/07\/marc-broyde-avocat-mandataire-oeb.jpeg?resize=350%2C525&#038;ssl=1\" alt=\"Marc Broyd\u00e9, Avocat et Mandataire \u00e0 l\u2019Office europ\u00e9en des brevets (OEB)\" width=\"350\" height=\"525\" srcset=\"https:\/\/i0.wp.com\/alatis.eu\/wp-content\/uploads\/2025\/07\/marc-broyde-avocat-mandataire-oeb.jpeg?resize=200%2C300&amp;ssl=1 200w, https:\/\/i0.wp.com\/alatis.eu\/wp-content\/uploads\/2025\/07\/marc-broyde-avocat-mandataire-oeb.jpeg?w=427&amp;ssl=1 427w\" sizes=\"auto, (max-width: 350px) 100vw, 350px\" \/><\/strong><\/p>\n<p><strong>Is experience an asset in the field of intellectual property?<\/strong><\/p>\n<p>Intellectual property, like all branches of law, is a field in which professionals thrive with time, where experience feeds the creativity that enables us to offer our clients appropriate solutions, whether original or inspired by precedents. Provided, of course, that we stay at the forefront of developments, be they legal (think of the Unified Patent Court) or technical (e.g. the intrusion of AI into our practice and that of our clients).<\/p>\n<p><strong>How does your international background influence your professional practice in intellectual property?<\/strong><\/p>\n<p>Of course my career path, which has taken me through the European Patent Office, industry and various law and IP law firms in Germany, the UK, Switzerland and France, feeds into my practice every day.<\/p>\n<p>My practice is particularly international in scope, and on a daily basis calls on my full working capacity in three languages &#8211; German, English and French &#8211; for a clientele of companies that are often present in several European countries where I myself have lived.<\/p>\n<p>Sharing a corporate culture with my industrial clients, the experience of an international organisation with the EPO examiners, and a transnational legal culture with my foreign colleagues allows me to open many doors.<\/p>\n<p><strong>What is your approach to cases and client relations?<\/strong><\/p>\n<p>Before proposing and advising, it is important to listen, to absorb the information submitted to us, then to question it by adopting different points of view to interpret the facts, that of the client of course, but also that of his competitor or adversary, and of course that of the lawyer.<\/p>\n<p>On a day-to-day basis, I derive great satisfaction from being able to provide the right advice, which is rewarded by the trust my clients place in me over the long term. I particularly enjoy building long-term relationships that enable me to get to know the companies I work for intimately and to help shape their intellectual property culture and strategy.<\/p>\n<p><strong>What founding values and ideas guided the creation of the Alatis network?<\/strong><\/p>\n<p>We have built the Alatis network around a few simple ideas:<\/p>\n<ul>\n<li>The conviction that the professions of lawyer and patent attorney benefit from being practised as independent professionals rather than within large integrated structures, hence the desire to bring together seasoned professionals under the same banner, who exchange, pool and combine their strengths within Alatis, without losing their entrepreneurial DNA and their professional freedom.<\/li>\n<li>An emphasis placed on the diversity of the professional backgrounds of our members, each of whom brings specific experience to the table, be it a long career in industry or in an office, a practice abroad, or specific legal or technical skills.<\/li>\n<li>The importance of conviviality, which is the cement of our community.<\/li>\n<\/ul>\n<p><strong>Want to find out more? <\/strong><\/p>\n<p>Contact marc.broyde@alatis.eu to speak directly with Marc.<\/p>\n<\/div><\/section>\n","protected":false},"excerpt":{"rendered":"","protected":false},"author":1,"featured_media":6407,"comment_status":"open","ping_status":"closed","sticky":false,"template":"","format":"standard","meta":{"jetpack_post_was_ever_published":false,"_jetpack_newsletter_access":"","_jetpack_dont_email_post_to_subs":false,"_jetpack_newsletter_tier_id":0,"_jetpack_memberships_contains_paywalled_content":false,"_jetpack_memberships_contains_paid_content":false,"footnotes":""},"categories":[70],"tags":[],"class_list":["post-6411","post","type-post","status-publish","format-standard","has-post-thumbnail","hentry","category-temoignages-en"],"yoast_head":"<!-- This site is optimized with the Yoast SEO plugin v26.6 - https:\/\/yoast.com\/wordpress\/plugins\/seo\/ -->\n<title>Spotlight on Marc Broyd\u00e9, Lawyer and Representative at the EPO<\/title>\n<meta name=\"description\" content=\"Discover the interview with Marc Broyd\u00e9, Lawyer within the Alatis network and Representative at the European Patent Office (EPO).\" \/>\n<meta name=\"robots\" content=\"index, follow, max-snippet:-1, max-image-preview:large, max-video-preview:-1\" \/>\n<link rel=\"canonical\" href=\"https:\/\/alatis.eu\/en\/marc-broyde-lawyer-representative-epo\/\" \/>\n<meta property=\"og:locale\" content=\"en_US\" \/>\n<meta property=\"og:type\" content=\"article\" \/>\n<meta property=\"og:title\" content=\"Spotlight on Marc Broyd\u00e9, Lawyer and Representative at the EPO\" \/>\n<meta property=\"og:description\" content=\"Discover the interview with Marc Broyd\u00e9, Lawyer within the Alatis network and Representative at the European Patent Office (EPO).\" \/>\n<meta property=\"og:url\" content=\"https:\/\/alatis.eu\/en\/marc-broyde-lawyer-representative-epo\/\" \/>\n<meta property=\"og:site_name\" content=\"ALATIS\" \/>\n<meta property=\"article:publisher\" content=\"https:\/\/www.facebook.com\/alatis.eu\/\" \/>\n<meta property=\"article:published_time\" content=\"2025-07-10T10:21:02+00:00\" \/>\n<meta property=\"article:modified_time\" content=\"2025-07-10T10:30:55+00:00\" \/>\n<meta property=\"og:image\" content=\"https:\/\/alatis.eu\/wp-content\/uploads\/2025\/07\/marc-broyde-avocat-mandataire-oeb.jpeg\" \/>\n\t<meta property=\"og:image:width\" content=\"427\" \/>\n\t<meta property=\"og:image:height\" content=\"640\" \/>\n\t<meta property=\"og:image:type\" content=\"image\/jpeg\" \/>\n<meta name=\"author\" content=\"ALATIS\" \/>\n<meta name=\"twitter:card\" content=\"summary_large_image\" \/>\n<meta name=\"twitter:creator\" content=\"@alatis_eu\" \/>\n<meta name=\"twitter:site\" content=\"@alatis_eu\" \/>\n<meta name=\"twitter:label1\" content=\"Written by\" \/>\n\t<meta name=\"twitter:data1\" content=\"ALATIS\" \/>\n\t<meta name=\"twitter:label2\" content=\"Est. reading time\" \/>\n\t<meta name=\"twitter:data2\" content=\"3 minutes\" \/>\n<script type=\"application\/ld+json\" class=\"yoast-schema-graph\">{\"@context\":\"https:\/\/schema.org\",\"@graph\":[{\"@type\":\"WebPage\",\"@id\":\"https:\/\/alatis.eu\/en\/marc-broyde-lawyer-representative-epo\/\",\"url\":\"https:\/\/alatis.eu\/en\/marc-broyde-lawyer-representative-epo\/\",\"name\":\"Spotlight on Marc Broyd\u00e9, Lawyer and Representative at the EPO\",\"isPartOf\":{\"@id\":\"https:\/\/alatis.eu\/#website\"},\"primaryImageOfPage\":{\"@id\":\"https:\/\/alatis.eu\/en\/marc-broyde-lawyer-representative-epo\/#primaryimage\"},\"image\":{\"@id\":\"https:\/\/alatis.eu\/en\/marc-broyde-lawyer-representative-epo\/#primaryimage\"},\"thumbnailUrl\":\"https:\/\/i0.wp.com\/alatis.eu\/wp-content\/uploads\/2025\/07\/marc-broyde-avocat-mandataire-oeb.jpeg?fit=427%2C640&ssl=1\",\"datePublished\":\"2025-07-10T10:21:02+00:00\",\"dateModified\":\"2025-07-10T10:30:55+00:00\",\"author\":{\"@id\":\"https:\/\/alatis.eu\/#\/schema\/person\/23072d936ab8eddd4478deebdbd8d5dc\"},\"description\":\"Discover the interview with Marc Broyd\u00e9, Lawyer within the Alatis network and Representative at the European Patent Office (EPO).\",\"breadcrumb\":{\"@id\":\"https:\/\/alatis.eu\/en\/marc-broyde-lawyer-representative-epo\/#breadcrumb\"},\"inLanguage\":\"en-US\",\"potentialAction\":[{\"@type\":\"ReadAction\",\"target\":[\"https:\/\/alatis.eu\/en\/marc-broyde-lawyer-representative-epo\/\"]}]},{\"@type\":\"ImageObject\",\"inLanguage\":\"en-US\",\"@id\":\"https:\/\/alatis.eu\/en\/marc-broyde-lawyer-representative-epo\/#primaryimage\",\"url\":\"https:\/\/i0.wp.com\/alatis.eu\/wp-content\/uploads\/2025\/07\/marc-broyde-avocat-mandataire-oeb.jpeg?fit=427%2C640&ssl=1\",\"contentUrl\":\"https:\/\/i0.wp.com\/alatis.eu\/wp-content\/uploads\/2025\/07\/marc-broyde-avocat-mandataire-oeb.jpeg?fit=427%2C640&ssl=1\",\"width\":427,\"height\":640,\"caption\":\"Marc Broyd\u00e9, Avocat et Mandataire \u00e0 l\u2019Office europ\u00e9en des brevets (OEB)\"},{\"@type\":\"BreadcrumbList\",\"@id\":\"https:\/\/alatis.eu\/en\/marc-broyde-lawyer-representative-epo\/#breadcrumb\",\"itemListElement\":[{\"@type\":\"ListItem\",\"position\":1,\"name\":\"Accueil\",\"item\":\"https:\/\/alatis.eu\/en\/\"},{\"@type\":\"ListItem\",\"position\":2,\"name\":\"Spotlight on Marc Broyd\u00e9, Lawyer and Representative at the European Patent Office (EPO)\"}]},{\"@type\":\"WebSite\",\"@id\":\"https:\/\/alatis.eu\/#website\",\"url\":\"https:\/\/alatis.eu\/\",\"name\":\"ALATIS\",\"description\":\"R\u00e9seau d&#039;experts en propri\u00e9t\u00e9 intellectuelle, multidisciplinaire et pan-europ\u00e9en\",\"potentialAction\":[{\"@type\":\"SearchAction\",\"target\":{\"@type\":\"EntryPoint\",\"urlTemplate\":\"https:\/\/alatis.eu\/?s={search_term_string}\"},\"query-input\":{\"@type\":\"PropertyValueSpecification\",\"valueRequired\":true,\"valueName\":\"search_term_string\"}}],\"inLanguage\":\"en-US\"},{\"@type\":\"Person\",\"@id\":\"https:\/\/alatis.eu\/#\/schema\/person\/23072d936ab8eddd4478deebdbd8d5dc\",\"name\":\"ALATIS\",\"image\":{\"@type\":\"ImageObject\",\"inLanguage\":\"en-US\",\"@id\":\"https:\/\/alatis.eu\/#\/schema\/person\/image\/\",\"url\":\"https:\/\/secure.gravatar.com\/avatar\/1e8a13bc343576cbbb249bfa1fcfebd2a140b75525ecdccb99b910ecebece289?s=96&d=mm&r=g\",\"contentUrl\":\"https:\/\/secure.gravatar.com\/avatar\/1e8a13bc343576cbbb249bfa1fcfebd2a140b75525ecdccb99b910ecebece289?s=96&d=mm&r=g\",\"caption\":\"ALATIS\"},\"sameAs\":[\"http:\/\/www.alatis.eu\"]}]}<\/script>\n<!-- \/ Yoast SEO plugin. -->","yoast_head_json":{"title":"Spotlight on Marc Broyd\u00e9, Lawyer and Representative at the EPO","description":"Discover the interview with Marc Broyd\u00e9, Lawyer within the Alatis network and Representative at the European Patent Office (EPO).","robots":{"index":"index","follow":"follow","max-snippet":"max-snippet:-1","max-image-preview":"max-image-preview:large","max-video-preview":"max-video-preview:-1"},"canonical":"https:\/\/alatis.eu\/en\/marc-broyde-lawyer-representative-epo\/","og_locale":"en_US","og_type":"article","og_title":"Spotlight on Marc Broyd\u00e9, Lawyer and Representative at the EPO","og_description":"Discover the interview with Marc Broyd\u00e9, Lawyer within the Alatis network and Representative at the European Patent Office (EPO).","og_url":"https:\/\/alatis.eu\/en\/marc-broyde-lawyer-representative-epo\/","og_site_name":"ALATIS","article_publisher":"https:\/\/www.facebook.com\/alatis.eu\/","article_published_time":"2025-07-10T10:21:02+00:00","article_modified_time":"2025-07-10T10:30:55+00:00","og_image":[{"width":427,"height":640,"url":"https:\/\/alatis.eu\/wp-content\/uploads\/2025\/07\/marc-broyde-avocat-mandataire-oeb.jpeg","type":"image\/jpeg"}],"author":"ALATIS","twitter_card":"summary_large_image","twitter_creator":"@alatis_eu","twitter_site":"@alatis_eu","twitter_misc":{"Written by":"ALATIS","Est. reading time":"3 minutes"},"schema":{"@context":"https:\/\/schema.org","@graph":[{"@type":"WebPage","@id":"https:\/\/alatis.eu\/en\/marc-broyde-lawyer-representative-epo\/","url":"https:\/\/alatis.eu\/en\/marc-broyde-lawyer-representative-epo\/","name":"Spotlight on Marc Broyd\u00e9, Lawyer and Representative at the EPO","isPartOf":{"@id":"https:\/\/alatis.eu\/#website"},"primaryImageOfPage":{"@id":"https:\/\/alatis.eu\/en\/marc-broyde-lawyer-representative-epo\/#primaryimage"},"image":{"@id":"https:\/\/alatis.eu\/en\/marc-broyde-lawyer-representative-epo\/#primaryimage"},"thumbnailUrl":"https:\/\/i0.wp.com\/alatis.eu\/wp-content\/uploads\/2025\/07\/marc-broyde-avocat-mandataire-oeb.jpeg?fit=427%2C640&ssl=1","datePublished":"2025-07-10T10:21:02+00:00","dateModified":"2025-07-10T10:30:55+00:00","author":{"@id":"https:\/\/alatis.eu\/#\/schema\/person\/23072d936ab8eddd4478deebdbd8d5dc"},"description":"Discover the interview with Marc Broyd\u00e9, Lawyer within the Alatis network and Representative at the European Patent Office (EPO).","breadcrumb":{"@id":"https:\/\/alatis.eu\/en\/marc-broyde-lawyer-representative-epo\/#breadcrumb"},"inLanguage":"en-US","potentialAction":[{"@type":"ReadAction","target":["https:\/\/alatis.eu\/en\/marc-broyde-lawyer-representative-epo\/"]}]},{"@type":"ImageObject","inLanguage":"en-US","@id":"https:\/\/alatis.eu\/en\/marc-broyde-lawyer-representative-epo\/#primaryimage","url":"https:\/\/i0.wp.com\/alatis.eu\/wp-content\/uploads\/2025\/07\/marc-broyde-avocat-mandataire-oeb.jpeg?fit=427%2C640&ssl=1","contentUrl":"https:\/\/i0.wp.com\/alatis.eu\/wp-content\/uploads\/2025\/07\/marc-broyde-avocat-mandataire-oeb.jpeg?fit=427%2C640&ssl=1","width":427,"height":640,"caption":"Marc Broyd\u00e9, Avocat et Mandataire \u00e0 l\u2019Office europ\u00e9en des brevets (OEB)"},{"@type":"BreadcrumbList","@id":"https:\/\/alatis.eu\/en\/marc-broyde-lawyer-representative-epo\/#breadcrumb","itemListElement":[{"@type":"ListItem","position":1,"name":"Accueil","item":"https:\/\/alatis.eu\/en\/"},{"@type":"ListItem","position":2,"name":"Spotlight on Marc Broyd\u00e9, Lawyer and Representative at the European Patent Office (EPO)"}]},{"@type":"WebSite","@id":"https:\/\/alatis.eu\/#website","url":"https:\/\/alatis.eu\/","name":"ALATIS","description":"R\u00e9seau d&#039;experts en propri\u00e9t\u00e9 intellectuelle, multidisciplinaire et pan-europ\u00e9en","potentialAction":[{"@type":"SearchAction","target":{"@type":"EntryPoint","urlTemplate":"https:\/\/alatis.eu\/?s={search_term_string}"},"query-input":{"@type":"PropertyValueSpecification","valueRequired":true,"valueName":"search_term_string"}}],"inLanguage":"en-US"},{"@type":"Person","@id":"https:\/\/alatis.eu\/#\/schema\/person\/23072d936ab8eddd4478deebdbd8d5dc","name":"ALATIS","image":{"@type":"ImageObject","inLanguage":"en-US","@id":"https:\/\/alatis.eu\/#\/schema\/person\/image\/","url":"https:\/\/secure.gravatar.com\/avatar\/1e8a13bc343576cbbb249bfa1fcfebd2a140b75525ecdccb99b910ecebece289?s=96&d=mm&r=g","contentUrl":"https:\/\/secure.gravatar.com\/avatar\/1e8a13bc343576cbbb249bfa1fcfebd2a140b75525ecdccb99b910ecebece289?s=96&d=mm&r=g","caption":"ALATIS"},"sameAs":["http:\/\/www.alatis.eu"]}]}},"jetpack_featured_media_url":"https:\/\/i0.wp.com\/alatis.eu\/wp-content\/uploads\/2025\/07\/marc-broyde-avocat-mandataire-oeb.jpeg?fit=427%2C640&ssl=1","jetpack_sharing_enabled":true,"jetpack_shortlink":"https:\/\/wp.me\/p8b6Fp-1Fp","jetpack-related-posts":[],"_links":{"self":[{"href":"https:\/\/alatis.eu\/en\/wp-json\/wp\/v2\/posts\/6411","targetHints":{"allow":["GET"]}}],"collection":[{"href":"https:\/\/alatis.eu\/en\/wp-json\/wp\/v2\/posts"}],"about":[{"href":"https:\/\/alatis.eu\/en\/wp-json\/wp\/v2\/types\/post"}],"author":[{"embeddable":true,"href":"https:\/\/alatis.eu\/en\/wp-json\/wp\/v2\/users\/1"}],"replies":[{"embeddable":true,"href":"https:\/\/alatis.eu\/en\/wp-json\/wp\/v2\/comments?post=6411"}],"version-history":[{"count":7,"href":"https:\/\/alatis.eu\/en\/wp-json\/wp\/v2\/posts\/6411\/revisions"}],"predecessor-version":[{"id":6422,"href":"https:\/\/alatis.eu\/en\/wp-json\/wp\/v2\/posts\/6411\/revisions\/6422"}],"wp:featuredmedia":[{"embeddable":true,"href":"https:\/\/alatis.eu\/en\/wp-json\/wp\/v2\/media\/6407"}],"wp:attachment":[{"href":"https:\/\/alatis.eu\/en\/wp-json\/wp\/v2\/media?parent=6411"}],"wp:term":[{"taxonomy":"category","embeddable":true,"href":"https:\/\/alatis.eu\/en\/wp-json\/wp\/v2\/categories?post=6411"},{"taxonomy":"post_tag","embeddable":true,"href":"https:\/\/alatis.eu\/en\/wp-json\/wp\/v2\/tags?post=6411"}],"curies":[{"name":"wp","href":"https:\/\/api.w.org\/{rel}","templated":true}]}}